{"id":1687,"date":"2021-10-17T10:20:59","date_gmt":"2021-10-17T08:20:59","guid":{"rendered":"https:\/\/www.ragazzimedfest.it\/?p=1687"},"modified":"2021-11-06T22:25:43","modified_gmt":"2021-11-06T21:25:43","slug":"nuova-prod-spazioteatro","status":"publish","type":"post","link":"https:\/\/www.ragazzimedfest.it\/2021\/2021\/10\/17\/nuova-prod-spazioteatro\/","title":{"rendered":"Di vela in vela"},"content":{"rendered":"\r\n<p class=\"has-luminous-vivid-orange-color has-text-color\">\u00bb<strong> Sabato 20, ore 19:30 \u2022 Auditorium Zanotti Bianco<br><\/strong><\/p>\r\n\r\n\r\n\r\n<p><strong>SpazioTeatro<br>DI VELA IN VELA<\/strong><br><strong><em>Racconti del tempo di prima<\/em><br><\/strong><br><em><strong>PRIMA NAZIONALE<br><\/strong><\/em>con Anna Calarco e Renata Falcone <br>scrittura di scena: Anna Calarco, Renata Falcone e Ernesto Orrico <br>musiche originali e direzione ritmica: Peppe Costa <br>scene e costumi: Virginia Melis<br>luci e audio: Simone Casile <br>regia: Ernesto Orrico <br>et\u00e0: 14+\/adult*<\/p>\r\n\r\n\r\n\r\n<p>Due figure femminili si muovono in uno spazio essenziale, forse \u00e8 la cella di un vecchio carcere, forse \u00e8 la stanza dei giochi di un castello immaginario, forse \u00e8 la cambusa di un vascello fantasma. Le due donne ingannano il tempo giocando a rubarsi le parole, rievocando storie arcaiche e un po&#8217; misteriose, accennando strane canzoni e ballando disordinatamente. E aspettano. L&#8217;attesa d\u00e0 forma a domande e storie che rimbalzano dall&#8217;una all&#8217;altra come in un gioco di specchi. Ogni domanda porta sempre a un&#8217;altra domanda, ogni storia a una storia. Domande e storie animano il loro cammino interiore. Una partitura di racconti che si intrecciano con ricordi e riflessioni sul tempo, sul senso dello stare al mondo, sugli eterni &#8220;perch\u00e9&#8221; che accompagnano la formazione e la crescita dell&#8217;essere umano.<br>Un corpus teatrale intessuto di dialoghi, narrazioni e contrappunti sonori. Una scrittura di scena collettiva ispirata dalla lettura dei testi del Subcomandante Marcos.<\/p>\r\n","protected":false},"excerpt":{"rendered":"<p>\u00bb Sabato 20, ore 19:30 \u2022 Auditorium Zanotti Bianco SpazioTeatroDI VELA IN VELARacconti del tempo di primaPRIMA NAZIONALEcon Anna Calarco e Renata Falcone scrittura di scena: Anna Calarco, Renata Falcone e Ernesto Orrico musiche originali e direzione ritmica: Peppe Costa scene e costumi: Virginia Melisluci e audio: Simone Casile regia: Ernesto Orrico et\u00e0: 14+\/adult* Due [&hellip;]<\/p>\n","protected":false},"author":3,"featured_media":1994,"comment_status":"closed","ping_status":"closed","sticky":false,"template":"","format":"standard","meta":{"ngg_post_thumbnail":0,"footnotes":""},"categories":[28,64,1,77],"tags":[],"class_list":["post-1687","post","type-post","status-publish","format-standard","has-post-thumbnail","hentry","category-auditorium-zanotti-bianco","category-iv-edizione","category-senza-categoria","category-spettacoli-per-ragazzi-e-adulti","last_archivepost"],"_links":{"self":[{"href":"https:\/\/www.ragazzimedfest.it\/2021\/wp-json\/wp\/v2\/posts\/1687"}],"collection":[{"href":"https:\/\/www.ragazzimedfest.it\/2021\/wp-json\/wp\/v2\/posts"}],"about":[{"href":"https:\/\/www.ragazzimedfest.it\/2021\/wp-json\/wp\/v2\/types\/post"}],"author":[{"embeddable":true,"href":"https:\/\/www.ragazzimedfest.it\/2021\/wp-json\/wp\/v2\/users\/3"}],"replies":[{"embeddable":true,"href":"https:\/\/www.ragazzimedfest.it\/2021\/wp-json\/wp\/v2\/comments?post=1687"}],"version-history":[{"count":9,"href":"https:\/\/www.ragazzimedfest.it\/2021\/wp-json\/wp\/v2\/posts\/1687\/revisions"}],"predecessor-version":[{"id":2070,"href":"https:\/\/www.ragazzimedfest.it\/2021\/wp-json\/wp\/v2\/posts\/1687\/revisions\/2070"}],"wp:featuredmedia":[{"embeddable":true,"href":"https:\/\/www.ragazzimedfest.it\/2021\/wp-json\/wp\/v2\/media\/1994"}],"wp:attachment":[{"href":"https:\/\/www.ragazzimedfest.it\/2021\/wp-json\/wp\/v2\/media?parent=1687"}],"wp:term":[{"taxonomy":"category","embeddable":true,"href":"https:\/\/www.ragazzimedfest.it\/2021\/wp-json\/wp\/v2\/categories?post=1687"},{"taxonomy":"post_tag","embeddable":true,"href":"https:\/\/www.ragazzimedfest.it\/2021\/wp-json\/wp\/v2\/tags?post=1687"}],"curies":[{"name":"wp","href":"https:\/\/api.w.org\/{rel}","templated":true}]}}