{"id":1672,"date":"2021-10-17T10:04:50","date_gmt":"2021-10-17T08:04:50","guid":{"rendered":"https:\/\/www.ragazzimedfest.it\/?p=1672"},"modified":"2021-11-17T12:34:36","modified_gmt":"2021-11-17T11:34:36","slug":"incontro-con-francesca-matteoni-autrice-di-io-saro-il-rovo","status":"publish","type":"post","link":"https:\/\/www.ragazzimedfest.it\/2021\/2021\/10\/17\/incontro-con-francesca-matteoni-autrice-di-io-saro-il-rovo\/","title":{"rendered":"Incontro con Francesca Matteoni autrice di \u201cIo sar\u00f2 il rovo&#8221;"},"content":{"rendered":"\r\n<p>\u00bb Domenica 21 novembre, ore 17:30 \u2022 Libreria Ave, Corso Garibaldi, Reggio C.<br>\u00bb Luned\u00ec 22 novembre, ore 10:00 \u2022 Istituto De Amicis, Reggio Cal.<\/p>\r\n\r\n<p><strong><img loading=\"lazy\" decoding=\"async\" class=\"size-medium wp-image-1673 alignright\" src=\"https:\/\/www.ragazzimedfest.it\/wp-content\/uploads\/2021\/10\/Francesca-matteoni-300x272.jpg\" alt=\"Francesca Matteoni\" width=\"300\" height=\"272\" srcset=\"https:\/\/www.ragazzimedfest.it\/2021\/wp-content\/uploads\/2021\/10\/Francesca-matteoni-300x272.jpg 300w, https:\/\/www.ragazzimedfest.it\/2021\/wp-content\/uploads\/2021\/10\/Francesca-matteoni-768x695.jpg 768w, https:\/\/www.ragazzimedfest.it\/2021\/wp-content\/uploads\/2021\/10\/Francesca-matteoni-570x516.jpg 570w, https:\/\/www.ragazzimedfest.it\/2021\/wp-content\/uploads\/2021\/10\/Francesca-matteoni-701x635.jpg 701w, https:\/\/www.ragazzimedfest.it\/2021\/wp-content\/uploads\/2021\/10\/Francesca-matteoni.jpg 960w\" sizes=\"(max-width: 300px) 100vw, 300px\" \/>Francesca Matteoni<\/strong> \u00e8 autrice di libri di poesia fra cui <em>Artico<\/em> (Crocetti 2005), <em>Acquabuia<\/em> (Aragno 2014), <em>Ci\u00f2 che il mondo separa<\/em> (Marcos y Marcos 2021), del romanzo <em>Tutti gli altri<\/em> (Tunu\u00e9, 2014) e del saggio <em>Dal Matto al Mondo. Viaggio poetico nei tarocchi<\/em> (effequ, 2019).<br>Ha all\u2019attivo pubblicazioni accademiche in italiano e inglese, tra cui <em>Il famiglio della strega. Sangue e stregoneria nell\u2019Inghilterra moderna<\/em> (Aras 2014). Ha partecipato all\u2019antologia <em>La scommessa psichedelica<\/em> (Quodlibet 2020) ed \u00e8 collaboratrice delle riviste \u00abL\u2019indiscreto\u00bb e \u00abNazione Indiana\u00bb, dove scrive di letteratura, ecologia, fiabe, tradizioni magiche.<\/p>\r\n<p>Si pensa alla fiaba come a qualcosa di innocuo, un momento di condivisione, di commiato dalla veglia al sonno. Ma la fiaba, dietro i suoi toni di sogno, nasconde esperienze, ammonizioni, anche traumi: lo sapevano bene i fratelli Grimm, Andersen, Calvino, che nella loro riscoperta non ci risparmiano alcun dolore, e lo sa bene <strong>Francesca Matteoni<\/strong>, poeta, storica e folklorista, <strong>che in questa raccolta rielabora le fiabe dell\u2019infanzia e le unisce ai suoi paesaggi, alle sue terre e alle sue esperienze,<\/strong> rinnovandole, vivificandole. Al fulcro di questo immaginario troviamo il rapporto d\u2019amore e conflitto dell\u2019umano con le altre specie, del mondo vegetale con il mondo animale, dell\u2019uomo con la donna. \u00c8 una magia semplice e terrena, quella di <em>Io sar\u00f2 il rovo<\/em>, e proprio per questo \u00e8 impossibile resistere all\u2019incanto.<\/p>","protected":false},"excerpt":{"rendered":"<p>\u00bb Domenica 21 novembre, ore 17:30 \u2022 Libreria Ave, Corso Garibaldi, Reggio C.\u00bb Luned\u00ec 22 novembre, ore 10:00 \u2022 Istituto De Amicis, Reggio Cal. Francesca Matteoni \u00e8 autrice di libri di poesia fra cui Artico (Crocetti 2005), Acquabuia (Aragno 2014), Ci\u00f2 che il mondo separa (Marcos y Marcos 2021), del romanzo Tutti gli altri (Tunu\u00e9, [&hellip;]<\/p>\n","protected":false},"author":3,"featured_media":1673,"comment_status":"closed","ping_status":"closed","sticky":false,"template":"","format":"standard","meta":{"ngg_post_thumbnail":0,"footnotes":""},"categories":[10,78,64,67],"tags":[],"class_list":["post-1672","post","type-post","status-publish","format-standard","has-post-thumbnail","hentry","category-incontri","category-incontri-e-laboratori","category-iv-edizione","category-libreria-nuova-ave-ubik","last_archivepost"],"_links":{"self":[{"href":"https:\/\/www.ragazzimedfest.it\/2021\/wp-json\/wp\/v2\/posts\/1672"}],"collection":[{"href":"https:\/\/www.ragazzimedfest.it\/2021\/wp-json\/wp\/v2\/posts"}],"about":[{"href":"https:\/\/www.ragazzimedfest.it\/2021\/wp-json\/wp\/v2\/types\/post"}],"author":[{"embeddable":true,"href":"https:\/\/www.ragazzimedfest.it\/2021\/wp-json\/wp\/v2\/users\/3"}],"replies":[{"embeddable":true,"href":"https:\/\/www.ragazzimedfest.it\/2021\/wp-json\/wp\/v2\/comments?post=1672"}],"version-history":[{"count":8,"href":"https:\/\/www.ragazzimedfest.it\/2021\/wp-json\/wp\/v2\/posts\/1672\/revisions"}],"predecessor-version":[{"id":2097,"href":"https:\/\/www.ragazzimedfest.it\/2021\/wp-json\/wp\/v2\/posts\/1672\/revisions\/2097"}],"wp:featuredmedia":[{"embeddable":true,"href":"https:\/\/www.ragazzimedfest.it\/2021\/wp-json\/wp\/v2\/media\/1673"}],"wp:attachment":[{"href":"https:\/\/www.ragazzimedfest.it\/2021\/wp-json\/wp\/v2\/media?parent=1672"}],"wp:term":[{"taxonomy":"category","embeddable":true,"href":"https:\/\/www.ragazzimedfest.it\/2021\/wp-json\/wp\/v2\/categories?post=1672"},{"taxonomy":"post_tag","embeddable":true,"href":"https:\/\/www.ragazzimedfest.it\/2021\/wp-json\/wp\/v2\/tags?post=1672"}],"curies":[{"name":"wp","href":"https:\/\/api.w.org\/{rel}","templated":true}]}}