{"id":1664,"date":"2021-09-17T09:56:21","date_gmt":"2021-09-17T07:56:21","guid":{"rendered":"https:\/\/www.ragazzimedfest.it\/?p=1664"},"modified":"2021-10-30T20:31:49","modified_gmt":"2021-10-30T18:31:49","slug":"il-minotauro","status":"publish","type":"post","link":"https:\/\/www.ragazzimedfest.it\/2021\/2021\/09\/17\/il-minotauro\/","title":{"rendered":"Il Minotauro"},"content":{"rendered":"\n<p class=\"has-luminous-vivid-orange-color has-text-color\"><strong>\u00bb Domenica 28 novembre, ore 20:30<\/strong><\/p>\n\n\n\n<p>di <strong>Gaetano Colella<\/strong><br>con<strong> Roberto Anglisani<\/strong><br>regia <strong>Maria Maglietta<\/strong><br>musiche <strong>Mirto Baliani<\/strong><br>produzione <strong>CSS Teatro stabile di innovazione del FVG<\/strong><br>et\u00e0 consigliata <strong>10+<\/strong><\/p>\n\n\n\n<p><br><\/p>\n\n\n<p><a href=\"https:\/\/www.ragazzimedfest.it\/wp-content\/uploads\/2021\/10\/anglisani-web.jpg\"><img loading=\"lazy\" decoding=\"async\" class=\"wp-image-1665 alignright\" src=\"https:\/\/www.ragazzimedfest.it\/wp-content\/uploads\/2021\/10\/anglisani-web.jpg\" alt=\"Anglisani\" width=\"380\" height=\"253\" srcset=\"https:\/\/www.ragazzimedfest.it\/2021\/wp-content\/uploads\/2021\/10\/anglisani-web.jpg 1024w, https:\/\/www.ragazzimedfest.it\/2021\/wp-content\/uploads\/2021\/10\/anglisani-web-300x200.jpg 300w, https:\/\/www.ragazzimedfest.it\/2021\/wp-content\/uploads\/2021\/10\/anglisani-web-768x512.jpg 768w, https:\/\/www.ragazzimedfest.it\/2021\/wp-content\/uploads\/2021\/10\/anglisani-web-570x380.jpg 570w, https:\/\/www.ragazzimedfest.it\/2021\/wp-content\/uploads\/2021\/10\/anglisani-web-701x468.jpg 701w\" sizes=\"(max-width: 380px) 100vw, 380px\" \/><\/a>\u201cIl progetto che Maria Maglietta ed io abbiamo sviluppato, con l\u2019intervento musicale di Mirto Baliani, nasce dall\u2019intento di affrontare il tema della diversit\u00e0. Abbiamo innanzitutto cercato di non restringere questo tema ad una diversit\u00e0 specifica, ma abbiamo deciso di parlare della diversit\u00e0 in una forma archetipa. Per questo ci siamo rivolti a una figura mitologica come il Minotauro. Anni addietro ero stato colpito dalla lettura de Il Minotauro di D\u00fcrrenmatt, dove viene messa in evidenza la solitudine del diverso e il suo desiderio di incontrare l\u2019altro. D\u00fcrrenmatt rinchiude il Minotauro in un labirinto di specchi creando cos\u00ec per lui una finta moltitudine di minotauri che lo circondano, ma che non sono altro che immagini rispecchiate di lui stesso. I minotauri specchiati danno al Minotauro la sensazione di non essere solo, ma sono cos\u00ec uguali a lui che lo fanno sentire ancora pi\u00f9 solo. Quando arriva Teseo travestito da Minotauro, allora il Minotauro si accorge di avere davanti un diverso da s\u00e9. E per la felicit\u00e0 comincia a danzare, e danza la danza della fratellanza, la danza dell\u2019amicizia, e quando si butta a braccia aperte verso Teseo e lo abbraccia, proprio in quel momento Teseo lo pugnala alle spalle. Un altro testo che ha ispirato il nostro lavoro \u00e8 il racconto di Borges, Asterione. In questo racconto Borges ci descrive la reazione della gente alla vista del Minotauro che \u00e8 uscito dal labirinto e cammina nel paese. Le reazioni sono cos\u00ec violente e discriminanti che il Minotauro torna a rifugiarsi nella sua prigione, Il labirinto, creato per difendere gli uomini dal Minotauro e per difendere il Minotauro dagli uomini. E il labirinto \u00e8 il centro della nostra creazione. Il drammaturgo Gaetano Colella ha immaginato un incontro tra il Minotauro e Icaro ragazzino. I due si incontrano grazie ad un pallone lanciato per sbaglio nel labirinto da Icaro che andr\u00e0 a recuperarlo e l\u00ec vedr\u00e0 per la prima volta \u201cIl Mostro\u201d di cui tutti hanno paura. Ma Icaro non fugge e piano piano conosce quell\u2019essere rinchiuso, ascolta i suoi racconti e ne diventa amico fino a tentare di difenderlo da Teseo che \u00e8 venuto per ucciderlo. Non ci riuscir\u00e0 e non gli rester\u00e0 altro che difendere il suo amico in un discorso alla citt\u00e0 di Creta che non ha saputo ascoltare e quindi non ha potuto conoscere e di conseguenza amare uno dei suoi figli : il Minotauro\u201d. <br>Roberto Anglisani<\/p>","protected":false},"excerpt":{"rendered":"<p>\u00bb Domenica 28 novembre, ore 20:30 di Gaetano Colellacon Roberto Anglisaniregia Maria Magliettamusiche Mirto Balianiproduzione CSS Teatro stabile di innovazione del FVGet\u00e0 consigliata 10+ \u201cIl progetto che Maria Maglietta ed io abbiamo sviluppato, con l\u2019intervento musicale di Mirto Baliani, nasce dall\u2019intento di affrontare il tema della diversit\u00e0. Abbiamo innanzitutto cercato di non restringere questo tema [&hellip;]<\/p>\n","protected":false},"author":3,"featured_media":1665,"comment_status":"closed","ping_status":"closed","sticky":false,"template":"","format":"standard","meta":{"ngg_post_thumbnail":0,"footnotes":""},"categories":[64,77],"tags":[],"class_list":["post-1664","post","type-post","status-publish","format-standard","has-post-thumbnail","hentry","category-iv-edizione","category-spettacoli-per-ragazzi-e-adulti","last_archivepost"],"_links":{"self":[{"href":"https:\/\/www.ragazzimedfest.it\/2021\/wp-json\/wp\/v2\/posts\/1664"}],"collection":[{"href":"https:\/\/www.ragazzimedfest.it\/2021\/wp-json\/wp\/v2\/posts"}],"about":[{"href":"https:\/\/www.ragazzimedfest.it\/2021\/wp-json\/wp\/v2\/types\/post"}],"author":[{"embeddable":true,"href":"https:\/\/www.ragazzimedfest.it\/2021\/wp-json\/wp\/v2\/users\/3"}],"replies":[{"embeddable":true,"href":"https:\/\/www.ragazzimedfest.it\/2021\/wp-json\/wp\/v2\/comments?post=1664"}],"version-history":[{"count":3,"href":"https:\/\/www.ragazzimedfest.it\/2021\/wp-json\/wp\/v2\/posts\/1664\/revisions"}],"predecessor-version":[{"id":1974,"href":"https:\/\/www.ragazzimedfest.it\/2021\/wp-json\/wp\/v2\/posts\/1664\/revisions\/1974"}],"wp:featuredmedia":[{"embeddable":true,"href":"https:\/\/www.ragazzimedfest.it\/2021\/wp-json\/wp\/v2\/media\/1665"}],"wp:attachment":[{"href":"https:\/\/www.ragazzimedfest.it\/2021\/wp-json\/wp\/v2\/media?parent=1664"}],"wp:term":[{"taxonomy":"category","embeddable":true,"href":"https:\/\/www.ragazzimedfest.it\/2021\/wp-json\/wp\/v2\/categories?post=1664"},{"taxonomy":"post_tag","embeddable":true,"href":"https:\/\/www.ragazzimedfest.it\/2021\/wp-json\/wp\/v2\/tags?post=1664"}],"curies":[{"name":"wp","href":"https:\/\/api.w.org\/{rel}","templated":true}]}}