{"id":1657,"date":"2021-10-21T16:57:18","date_gmt":"2021-10-21T14:57:18","guid":{"rendered":"https:\/\/www.ragazzimedfest.it\/?p=1657"},"modified":"2021-11-01T15:43:57","modified_gmt":"2021-11-01T14:43:57","slug":"la-ragazza-con-larco-atalanta","status":"publish","type":"post","link":"https:\/\/www.ragazzimedfest.it\/2021\/2021\/10\/21\/la-ragazza-con-larco-atalanta\/","title":{"rendered":"La ragazza con l&#8217;arco"},"content":{"rendered":"\n<p class=\"has-luminous-vivid-orange-color has-text-color\"><strong>\u00bb <em>Anteprima Festival<\/em> &#8211; Sabato 13 novembre, ore 10:00 \u2022 Istituto De Gasperi<\/strong><br>\u00bb <strong>Luned\u00ec 15 novembre, ore 10:00 &#8211; Istituto De Gasperi<\/strong><br><strong>\u00bb <em>Tempi supplementari <\/em>&#8211; Marted\u00ec 30 novembre, ore 10:00 \u2022 Istituto De Amicis<\/strong><br><\/p>\n\n\n\n<p>Produzione <strong>SpazioTeatro<\/strong><br>in collaborazione con <strong>La Biblioteca dei Ragazzi, Scena Nuda Festival Miti Contemporanei<\/strong><br>Di <strong>Anna Calarco<\/strong><br>Con <strong>Anna Calarco, Gaetano Tramontana<\/strong><br>sonorizzazioni dal vivo a cura di<strong> Yosonu<\/strong><br>elementi scenici <strong>Larysa Sorokina<\/strong><br>genere <strong>teatro d\u2019attore<\/strong><br>narrazione e kamishibai<strong><br><\/strong>et\u00e0 consigliata dai <strong>9 anni<\/strong><br>durata <strong>60 minuti<\/strong><\/p>\n\n\n<p><a href=\"https:\/\/www.ragazzimedfest.it\/wp-content\/uploads\/2021\/10\/atalanta-web.jpg\"><img loading=\"lazy\" decoding=\"async\" class=\" wp-image-1658 alignright\" src=\"https:\/\/www.ragazzimedfest.it\/wp-content\/uploads\/2021\/10\/atalanta-web.jpg\" alt=\"Atalanta\" width=\"360\" height=\"252\" srcset=\"https:\/\/www.ragazzimedfest.it\/2021\/wp-content\/uploads\/2021\/10\/atalanta-web.jpg 1024w, https:\/\/www.ragazzimedfest.it\/2021\/wp-content\/uploads\/2021\/10\/atalanta-web-300x210.jpg 300w, https:\/\/www.ragazzimedfest.it\/2021\/wp-content\/uploads\/2021\/10\/atalanta-web-768x538.jpg 768w, https:\/\/www.ragazzimedfest.it\/2021\/wp-content\/uploads\/2021\/10\/atalanta-web-570x399.jpg 570w, https:\/\/www.ragazzimedfest.it\/2021\/wp-content\/uploads\/2021\/10\/atalanta-web-80x55.jpg 80w, https:\/\/www.ragazzimedfest.it\/2021\/wp-content\/uploads\/2021\/10\/atalanta-web-701x491.jpg 701w\" sizes=\"(max-width: 360px) 100vw, 360px\" \/><\/a>Il mito di Atalanta pone al centro una tematica estremamente attuale: la parit\u00e0.Ripudiata dal padre perch\u00e9 femmina, Atalanta cresce nei boschi, allevata dagli orsi, e diviene discepola di Artemide.Abilissima nella caccia, insuperabile nella corsa, torna tra gli esseri umani ma continua a cercare il suo equilibrio sul mondo, combattuta tra il \u201crichiamo della specie\u201d e la volont\u00e0 di rimanere libera. Prende parte ad alcune delle pi\u00f9 grandi imprese narrate dal mito (la spedizione di Argo, la caccia di Calidonia) al fianco dei pi\u00f9 valorosi eroi greci.Decisa a non sposarsi, pone alle sue nozze una condizione insuperabile. Infine, come sempre accade nel mito, il Fato determina la suastoria. La scena si compone solo di oggetti ed elementi collegati alla terra (sassi, legno, lana, argilla, cenere). Ogni oggetto, e ogniazione ad esso legata, richiama simbologie connesse al mito e citazioni delle sue interpretazioni nell\u2019arte classica e contemporanea.Le illustrazioni usate per il kamishibai provengono da edizioni del racconto rodariano illustrate da Emanuele Luzzati e Fabian Negrin.<\/p>\n\n\n<p><\/p>\n","protected":false},"excerpt":{"rendered":"<p>\u00bb Anteprima Festival &#8211; Sabato 13 novembre, ore 10:00 \u2022 Istituto De Gasperi\u00bb Luned\u00ec 15 novembre, ore 10:00 &#8211; Istituto De Gasperi\u00bb Tempi supplementari &#8211; Marted\u00ec 30 novembre, ore 10:00 \u2022 Istituto De Amicis Produzione SpazioTeatroin collaborazione con La Biblioteca dei Ragazzi, Scena Nuda Festival Miti ContemporaneiDi Anna CalarcoCon Anna Calarco, Gaetano Tramontanasonorizzazioni dal vivo [&hellip;]<\/p>\n","protected":false},"author":3,"featured_media":1658,"comment_status":"closed","ping_status":"closed","sticky":false,"template":"","format":"standard","meta":{"ngg_post_thumbnail":0,"footnotes":""},"categories":[64,76,77],"tags":[],"class_list":["post-1657","post","type-post","status-publish","format-standard","has-post-thumbnail","hentry","category-iv-edizione","category-spettacoli-per-bambini","category-spettacoli-per-ragazzi-e-adulti","last_archivepost"],"_links":{"self":[{"href":"https:\/\/www.ragazzimedfest.it\/2021\/wp-json\/wp\/v2\/posts\/1657"}],"collection":[{"href":"https:\/\/www.ragazzimedfest.it\/2021\/wp-json\/wp\/v2\/posts"}],"about":[{"href":"https:\/\/www.ragazzimedfest.it\/2021\/wp-json\/wp\/v2\/types\/post"}],"author":[{"embeddable":true,"href":"https:\/\/www.ragazzimedfest.it\/2021\/wp-json\/wp\/v2\/users\/3"}],"replies":[{"embeddable":true,"href":"https:\/\/www.ragazzimedfest.it\/2021\/wp-json\/wp\/v2\/comments?post=1657"}],"version-history":[{"count":6,"href":"https:\/\/www.ragazzimedfest.it\/2021\/wp-json\/wp\/v2\/posts\/1657\/revisions"}],"predecessor-version":[{"id":2033,"href":"https:\/\/www.ragazzimedfest.it\/2021\/wp-json\/wp\/v2\/posts\/1657\/revisions\/2033"}],"wp:featuredmedia":[{"embeddable":true,"href":"https:\/\/www.ragazzimedfest.it\/2021\/wp-json\/wp\/v2\/media\/1658"}],"wp:attachment":[{"href":"https:\/\/www.ragazzimedfest.it\/2021\/wp-json\/wp\/v2\/media?parent=1657"}],"wp:term":[{"taxonomy":"category","embeddable":true,"href":"https:\/\/www.ragazzimedfest.it\/2021\/wp-json\/wp\/v2\/categories?post=1657"},{"taxonomy":"post_tag","embeddable":true,"href":"https:\/\/www.ragazzimedfest.it\/2021\/wp-json\/wp\/v2\/tags?post=1657"}],"curies":[{"name":"wp","href":"https:\/\/api.w.org\/{rel}","templated":true}]}}