{"id":1654,"date":"2021-10-17T09:37:56","date_gmt":"2021-10-17T07:37:56","guid":{"rendered":"https:\/\/www.ragazzimedfest.it\/?p=1654"},"modified":"2021-10-30T23:55:00","modified_gmt":"2021-10-30T21:55:00","slug":"wall-e","status":"publish","type":"post","link":"https:\/\/www.ragazzimedfest.it\/2021\/2021\/10\/17\/wall-e\/","title":{"rendered":"Yosonu sounds Wall-E"},"content":{"rendered":"<p><span style=\"color: #ff6600;\"><strong>\u00bb Venerd\u00ec 26 novembre, ore 17:30 \u2022 Auditorium Zanotti Bianco<\/strong><\/span><\/p>\n<p><strong>Yosonu sounds Wall-E<br \/>\n<\/strong><em>dai 6 anni<\/em><strong><br \/>\n<\/strong><\/p>\n<div dir=\"auto\"><img loading=\"lazy\" decoding=\"async\" class=\"size-medium wp-image-2002 alignright\" src=\"https:\/\/www.ragazzimedfest.it\/wp-content\/uploads\/2021\/10\/insta-10_5-300x153.jpg\" alt=\"\" width=\"300\" height=\"153\">Anno 2815.<\/div>\n<div dir=\"auto\">La Terra \u00e8 stata abbandonata da sette secoli, porti e grattacieli appaiono fatiscenti e arrugginiti: dopo una probabile guerra nucleare, rifiuti, ferraglie e resti di robot hanno reso la Terra inabitabile e disabitata.<\/div>\n<div dir=\"auto\">Wall\u2022E continua il suo lavoro: impacchetta i metalli rugginosi e li ammassa, a forma di cubi, in enormi e alti mucchi. A interrompere la sua solitaria routine l&#8217;atterraggio di un&#8217;astronave, da cui esce in perlustrazione la robottina Eve.<\/div>\n<p>Yosonu sonorizza in chiave electro il capolavoro d\u2019animazione Disney\/Pixar, componendo in tempo reale la colonna sonora, sempre e solo con oggetti di scarto, voce e corpo. Alla base di questa idea c\u2019\u00e8 la vicinanza tra la romantica conservazione e cura degli oggetti trovarti dal robot e la ricerca del suono in ci\u00f2 che non usiamo pi\u00f9 (oggetti di uso quotidiano e frammenti di diversi materiali) fatta da Yosonu.<\/p>\n<p><span class=\"d2edcug0 hpfvmrgz qv66sw1b c1et5uql lr9zc1uh a8c37x1j keod5gw0 nxhoafnm aigsh9s9 d3f4x2em fe6kdd0r mau55g9w c8b282yb iv3no6db jq4qci2q a3bd9o3v b1v8xokw oo9gr5id hzawbc8m\" dir=\"auto\">Yosonu \u00e8 la One Man Orchestra di Peppe &#8220;drumz&#8221; Costa (batterista dal 1997) che sviluppa l&#8217;idea di comporre musica contemporanea senza la presenza di alcuno strumento musicale.<\/span><\/p>\n","protected":false},"excerpt":{"rendered":"<p>\u00bb Venerd\u00ec 26 novembre, ore 17:30 \u2022 Auditorium Zanotti Bianco Yosonu sounds Wall-E dai 6 anni Anno 2815. La Terra \u00e8 stata abbandonata da sette secoli, porti e grattacieli appaiono fatiscenti e arrugginiti: dopo una probabile guerra nucleare, rifiuti, ferraglie e resti di robot hanno reso la Terra inabitabile e disabitata. Wall\u2022E continua il suo [&hellip;]<\/p>\n","protected":false},"author":3,"featured_media":2001,"comment_status":"closed","ping_status":"closed","sticky":false,"template":"","format":"standard","meta":{"ngg_post_thumbnail":0,"footnotes":""},"categories":[65,28,64,76],"tags":[],"class_list":["post-1654","post","type-post","status-publish","format-standard","has-post-thumbnail","hentry","category-auditorium-umberto-zanotti-bianco","category-auditorium-zanotti-bianco","category-iv-edizione","category-spettacoli-per-bambini","last_archivepost"],"_links":{"self":[{"href":"https:\/\/www.ragazzimedfest.it\/2021\/wp-json\/wp\/v2\/posts\/1654"}],"collection":[{"href":"https:\/\/www.ragazzimedfest.it\/2021\/wp-json\/wp\/v2\/posts"}],"about":[{"href":"https:\/\/www.ragazzimedfest.it\/2021\/wp-json\/wp\/v2\/types\/post"}],"author":[{"embeddable":true,"href":"https:\/\/www.ragazzimedfest.it\/2021\/wp-json\/wp\/v2\/users\/3"}],"replies":[{"embeddable":true,"href":"https:\/\/www.ragazzimedfest.it\/2021\/wp-json\/wp\/v2\/comments?post=1654"}],"version-history":[{"count":6,"href":"https:\/\/www.ragazzimedfest.it\/2021\/wp-json\/wp\/v2\/posts\/1654\/revisions"}],"predecessor-version":[{"id":2003,"href":"https:\/\/www.ragazzimedfest.it\/2021\/wp-json\/wp\/v2\/posts\/1654\/revisions\/2003"}],"wp:featuredmedia":[{"embeddable":true,"href":"https:\/\/www.ragazzimedfest.it\/2021\/wp-json\/wp\/v2\/media\/2001"}],"wp:attachment":[{"href":"https:\/\/www.ragazzimedfest.it\/2021\/wp-json\/wp\/v2\/media?parent=1654"}],"wp:term":[{"taxonomy":"category","embeddable":true,"href":"https:\/\/www.ragazzimedfest.it\/2021\/wp-json\/wp\/v2\/categories?post=1654"},{"taxonomy":"post_tag","embeddable":true,"href":"https:\/\/www.ragazzimedfest.it\/2021\/wp-json\/wp\/v2\/tags?post=1654"}],"curies":[{"name":"wp","href":"https:\/\/api.w.org\/{rel}","templated":true}]}}